{
    "id": 643,
    "date": "2022-12-05T14:29:44",
    "date_gmt": "2022-12-05T14:29:44",
    "guid": {
        "rendered": "https:\/\/icecaricelandrentals.com\/?page_id=643"
    },
    "modified": "2025-08-08T19:25:09",
    "modified_gmt": "2025-08-08T19:25:09",
    "slug": "abholung-rueckgabe",
    "status": "publish",
    "type": "page",
    "link": "https:\/\/icecaricelandrentals.com\/de\/abholung-rueckgabe\/",
    "title": {
        "rendered": "Abholung &#038; R\u00fcckgabe"
    },
    "content": {
        "rendered": "<div data-elementor-type=\"wp-page\" data-elementor-id=\"643\" class=\"elementor elementor-643\">\n\t\t\t\t<div class=\"elementor-element elementor-element-a3458a5 e-flex e-con-boxed e-con e-parent\" data-id=\"a3458a5\" data-element_type=\"container\" data-e-type=\"container\">\n\t\t\t\t\t<div class=\"e-con-inner\">\n\t\t\t\t<div class=\"elementor-element elementor-element-61ed54f elementor-widget elementor-widget-text-editor\" data-id=\"61ed54f\" data-element_type=\"widget\" data-e-type=\"widget\" data-widget_type=\"text-editor.default\">\n\t\t\t\t<div class=\"elementor-widget-container\">\n\t\t\t\t\t\t\t\t\t<p><strong>Abholung<\/strong><\/p><p><strong><em>Flughafenservice<\/em><\/strong> &#8211; Die Abholung und R\u00fcckgabe des Fahrzeugs am Flughafen Keflav\u00edk (KEF) sind im Mietpreis enthalten. F\u00fcr Abholungen oder R\u00fcckgaben zwischen 22:00 und 08:00 Uhr f\u00e4llt eine Geb\u00fchr von 20 EUR an.<\/p><p><strong><em>Treffpunkt<\/em><\/strong> &#8211; Folgen Sie den Schildern zu &#8220;Departures&#8221; und &#8220;Meeting Point&#8221;. Der Meeting Point ist ein Sitzbereich mit einem gut sichtbaren &#8220;Meeting Point&#8221;-Schild und befindet sich im Abflugbereich des Flughafens, nur wenige Gehminuten von der Ankunftshalle entfernt. Die Person, die Sie abholt, h\u00e4lt ein wei\u00dfes Schild mit unserem Logo und Ihrem Namen.<\/p><p class=\"\" data-start=\"763\" data-end=\"925\"><em><strong>Bei Versp\u00e4tungen<\/strong><\/em> &#8211; Falls es zu einer Verz\u00f6gerung kommt, informieren Sie uns bitte telefonisch so fr\u00fch wie m\u00f6glich: +354 773 6339\u00a0 (EN, DE, NO) oder\u00a0+354 770 2234 (PL, EN)<\/p><p class=\"\" data-start=\"927\" data-end=\"1181\">Ohne vorherige Benachrichtigung \u00fcber eine Versp\u00e4tung f\u00e4llt eine Wartegeb\u00fchr von 100 EUR pro Stunde an. Das Fahrzeug wird bis zu 2 Stunden nach der vereinbarten Abholzeit reserviert. Danach kann die Verf\u00fcgbarkeit nicht mehr garantiert werden.<\/p><p data-start=\"927\" data-end=\"1181\"><em><strong>Bezahlung<\/strong><\/em> &#8211; Falls bei der Buchung die Option &#8220;Bezahlung bei Ankunft&#8221; gew\u00e4hlt wurde, erfolgt die Zahlung bei der Abholung in ISK (falls nicht im Voraus anders vereinbart), bar oder per Karte.<\/p><p data-start=\"927\" data-end=\"1181\"><em><strong>Upgrades<\/strong><\/em> &#8211; Zus\u00e4tzliche Versicherungen k\u00f6nnen bei der Abholung hinzugef\u00fcgt werden.<\/p><p data-start=\"927\" data-end=\"1181\"><em><strong>Erreichbarkeit<\/strong><\/em> &#8211; Bitte halten Sie Ihr Telefon eingeschaltet, damit wir Sie bei Bedarf kontaktieren k\u00f6nnen.<\/p>\t\t\t\t\t\t\t\t<\/div>\n\t\t\t\t<\/div>\n\t\t\t\t\t<\/div>\n\t\t\t\t<\/div>\n\t\t<div class=\"elementor-element elementor-element-684ea91 e-flex e-con-boxed e-con e-parent\" data-id=\"684ea91\" data-element_type=\"container\" data-e-type=\"container\">\n\t\t\t\t\t<div class=\"e-con-inner\">\n\t\t\t\t<div class=\"elementor-element elementor-element-7d5c81d elementor-widget elementor-widget-image\" data-id=\"7d5c81d\" data-element_type=\"widget\" data-e-type=\"widget\" data-widget_type=\"image.default\">\n\t\t\t\t<div class=\"elementor-widget-container\">\n\t\t\t\t\t\t\t\t\t\t\t\t\t\t\t<img fetchpriority=\"high\" decoding=\"async\" width=\"760\" height=\"528\" src=\"https:\/\/i0.wp.com\/icecaricelandrentals.com\/wp-content\/uploads\/2025\/03\/KEF-pickup.png?fit=760%2C528&amp;ssl=1\" class=\"attachment-large size-large wp-image-5814\" alt=\"\" srcset=\"https:\/\/i0.wp.com\/icecaricelandrentals.com\/wp-content\/uploads\/2025\/03\/KEF-pickup.png?w=940&amp;ssl=1 940w, https:\/\/i0.wp.com\/icecaricelandrentals.com\/wp-content\/uploads\/2025\/03\/KEF-pickup.png?resize=300%2C208&amp;ssl=1 300w, https:\/\/i0.wp.com\/icecaricelandrentals.com\/wp-content\/uploads\/2025\/03\/KEF-pickup.png?resize=768%2C534&amp;ssl=1 768w, https:\/\/i0.wp.com\/icecaricelandrentals.com\/wp-content\/uploads\/2025\/03\/KEF-pickup.png?resize=18%2C12&amp;ssl=1 18w, https:\/\/i0.wp.com\/icecaricelandrentals.com\/wp-content\/uploads\/2025\/03\/KEF-pickup.png?resize=576%2C400&amp;ssl=1 576w\" sizes=\"(max-width: 760px) 100vw, 760px\" data-attachment-id=\"5814\" data-permalink=\"https:\/\/icecaricelandrentals.com\/pl\/abholung-rueckgabe\/kef-pickup\/\" data-orig-file=\"https:\/\/i0.wp.com\/icecaricelandrentals.com\/wp-content\/uploads\/2025\/03\/KEF-pickup.png?fit=940%2C653&amp;ssl=1\" data-orig-size=\"940,653\" data-comments-opened=\"0\" data-image-meta=\"{&quot;aperture&quot;:&quot;0&quot;,&quot;credit&quot;:&quot;&quot;,&quot;camera&quot;:&quot;&quot;,&quot;caption&quot;:&quot;&quot;,&quot;created_timestamp&quot;:&quot;0&quot;,&quot;copyright&quot;:&quot;&quot;,&quot;focal_length&quot;:&quot;0&quot;,&quot;iso&quot;:&quot;0&quot;,&quot;shutter_speed&quot;:&quot;0&quot;,&quot;title&quot;:&quot;&quot;,&quot;orientation&quot;:&quot;0&quot;}\" data-image-title=\"KEF pickup\" data-image-description=\"\" data-image-caption=\"\" data-large-file=\"https:\/\/i0.wp.com\/icecaricelandrentals.com\/wp-content\/uploads\/2025\/03\/KEF-pickup.png?fit=760%2C528&amp;ssl=1\" \/>\t\t\t\t\t\t\t\t\t\t\t\t\t\t\t<\/div>\n\t\t\t\t<\/div>\n\t\t\t\t\t<\/div>\n\t\t\t\t<\/div>\n\t\t<div class=\"elementor-element elementor-element-8d7295d e-flex e-con-boxed e-con e-parent\" data-id=\"8d7295d\" data-element_type=\"container\" data-e-type=\"container\">\n\t\t\t\t\t<div class=\"e-con-inner\">\n\t\t\t\t<div class=\"elementor-element elementor-element-1524ac0 elementor-widget elementor-widget-spacer\" data-id=\"1524ac0\" data-element_type=\"widget\" data-e-type=\"widget\" data-widget_type=\"spacer.default\">\n\t\t\t\t<div class=\"elementor-widget-container\">\n\t\t\t\t\t\t\t<div class=\"elementor-spacer\">\n\t\t\t<div class=\"elementor-spacer-inner\"><\/div>\n\t\t<\/div>\n\t\t\t\t\t\t<\/div>\n\t\t\t\t<\/div>\n\t\t\t\t\t<\/div>\n\t\t\t\t<\/div>\n\t\t<div class=\"elementor-element elementor-element-d18a3fb e-flex e-con-boxed e-con e-parent\" data-id=\"d18a3fb\" data-element_type=\"container\" data-e-type=\"container\">\n\t\t\t\t\t<div class=\"e-con-inner\">\n\t\t\t\t<div class=\"elementor-element elementor-element-45e05b6 elementor-widget elementor-widget-text-editor\" data-id=\"45e05b6\" data-element_type=\"widget\" data-e-type=\"widget\" data-widget_type=\"text-editor.default\">\n\t\t\t\t<div class=\"elementor-widget-container\">\n\t\t\t\t\t\t\t\t\t<p><strong>R\u00fcckgabe<\/strong><\/p><p><strong><em>Anfahrt<\/em><\/strong> &#8211; Fahren Sie in Richtung Departures. Auf der linken Seite befindet sich der Parkbereich P1.<\/p><p><em><strong>Treffpunkt<\/strong><\/em> &#8211; Nutzen Sie die Einfahrt zu P1, eine Bezahlung ist nicht erforderlich. Wir erwarten Sie dort zur Fahrzeugr\u00fcckgabe und Inspektion.<\/p><p><em><strong>Versp\u00e4tete R\u00fcckgabe<\/strong><\/em> &#8211; Falls es zu einer Verz\u00f6gerung kommt, informieren Sie uns bitte telefonisch so fr\u00fch wie m\u00f6glich: +354 773 6339\u00a0 (EN, DE, NO) oder\u00a0+354 770 2234 (PL, EN)<\/p><p>Wird das Fahrzeug ohne vorherige Benachrichtigung zu sp\u00e4t zur\u00fcckgegeben, f\u00e4llt eine Geb\u00fchr von 100 EUR pro Stunde f\u00fcr bis zu 2 Stunden an. Danach wird eine zus\u00e4tzliche Tagesmiete berechnet. F\u00fcr jeden weiteren Tag Verz\u00f6gerung wird erneut eine Tagesmiete f\u00e4llig.<\/p><p><em><strong>Erreichbarkeit<\/strong><\/em> &#8211; Bitte halten Sie Ihr Telefon eingeschaltet, damit wir Sie bei Bedarf kontaktieren k\u00f6nnen.<\/p>\t\t\t\t\t\t\t\t<\/div>\n\t\t\t\t<\/div>\n\t\t\t\t\t<\/div>\n\t\t\t\t<\/div>\n\t\t<div class=\"elementor-element elementor-element-d0c615f e-flex e-con-boxed e-con e-parent\" data-id=\"d0c615f\" data-element_type=\"container\" data-e-type=\"container\">\n\t\t\t\t\t<div class=\"e-con-inner\">\n\t\t\t\t<div class=\"elementor-element elementor-element-b2c5dbe elementor-widget elementor-widget-image\" data-id=\"b2c5dbe\" data-element_type=\"widget\" data-e-type=\"widget\" data-widget_type=\"image.default\">\n\t\t\t\t<div class=\"elementor-widget-container\">\n\t\t\t\t\t\t\t\t\t\t\t\t\t\t\t<img decoding=\"async\" width=\"760\" height=\"528\" src=\"https:\/\/i0.wp.com\/icecaricelandrentals.com\/wp-content\/uploads\/2025\/03\/KEF-dropoff.png?fit=760%2C528&amp;ssl=1\" class=\"attachment-large size-large wp-image-5812\" alt=\"\" srcset=\"https:\/\/i0.wp.com\/icecaricelandrentals.com\/wp-content\/uploads\/2025\/03\/KEF-dropoff.png?w=940&amp;ssl=1 940w, https:\/\/i0.wp.com\/icecaricelandrentals.com\/wp-content\/uploads\/2025\/03\/KEF-dropoff.png?resize=300%2C208&amp;ssl=1 300w, https:\/\/i0.wp.com\/icecaricelandrentals.com\/wp-content\/uploads\/2025\/03\/KEF-dropoff.png?resize=768%2C534&amp;ssl=1 768w, https:\/\/i0.wp.com\/icecaricelandrentals.com\/wp-content\/uploads\/2025\/03\/KEF-dropoff.png?resize=18%2C12&amp;ssl=1 18w, https:\/\/i0.wp.com\/icecaricelandrentals.com\/wp-content\/uploads\/2025\/03\/KEF-dropoff.png?resize=576%2C400&amp;ssl=1 576w\" sizes=\"(max-width: 760px) 100vw, 760px\" data-attachment-id=\"5812\" data-permalink=\"https:\/\/icecaricelandrentals.com\/pl\/abholung-rueckgabe\/kef-dropoff\/\" data-orig-file=\"https:\/\/i0.wp.com\/icecaricelandrentals.com\/wp-content\/uploads\/2025\/03\/KEF-dropoff.png?fit=940%2C653&amp;ssl=1\" data-orig-size=\"940,653\" data-comments-opened=\"0\" data-image-meta=\"{&quot;aperture&quot;:&quot;0&quot;,&quot;credit&quot;:&quot;&quot;,&quot;camera&quot;:&quot;&quot;,&quot;caption&quot;:&quot;&quot;,&quot;created_timestamp&quot;:&quot;0&quot;,&quot;copyright&quot;:&quot;&quot;,&quot;focal_length&quot;:&quot;0&quot;,&quot;iso&quot;:&quot;0&quot;,&quot;shutter_speed&quot;:&quot;0&quot;,&quot;title&quot;:&quot;&quot;,&quot;orientation&quot;:&quot;0&quot;}\" data-image-title=\"KEF dropoff\" data-image-description=\"\" data-image-caption=\"\" data-large-file=\"https:\/\/i0.wp.com\/icecaricelandrentals.com\/wp-content\/uploads\/2025\/03\/KEF-dropoff.png?fit=760%2C528&amp;ssl=1\" \/>\t\t\t\t\t\t\t\t\t\t\t\t\t\t\t<\/div>\n\t\t\t\t<\/div>\n\t\t\t\t\t<\/div>\n\t\t\t\t<\/div>\n\t\t<div class=\"elementor-element elementor-element-a3568ae e-flex e-con-boxed e-con e-parent\" data-id=\"a3568ae\" data-element_type=\"container\" data-e-type=\"container\">\n\t\t\t\t\t<div class=\"e-con-inner\">\n\t\t\t\t<div class=\"elementor-element elementor-element-23027a9 elementor-widget elementor-widget-spacer\" data-id=\"23027a9\" data-element_type=\"widget\" data-e-type=\"widget\" data-widget_type=\"spacer.default\">\n\t\t\t\t<div class=\"elementor-widget-container\">\n\t\t\t\t\t\t\t<div class=\"elementor-spacer\">\n\t\t\t<div class=\"elementor-spacer-inner\"><\/div>\n\t\t<\/div>\n\t\t\t\t\t\t<\/div>\n\t\t\t\t<\/div>\n\t\t\t\t\t<\/div>\n\t\t\t\t<\/div>\n\t\t\t\t<\/div>",
        "protected": false
    },
    "excerpt": {
        "rendered": "<p>Abholung Flughafenservice &#8211; Die Abholung und R\u00fcckgabe des Fahrzeugs am Flughafen Keflav\u00edk (KEF) sind im Mietpreis enthalten. F\u00fcr Abholungen oder R\u00fcckgaben zwischen 22:00 und 08:00 Uhr f\u00e4llt eine Geb\u00fchr von 20 EUR an. Treffpunkt &#8211;&hellip; <a href=\"https:\/\/icecaricelandrentals.com\/de\/abholung-rueckgabe\/\">Mehr<\/a><\/p>",
        "protected": false
    },
    "author": 227937429,
    "featured_media": 3850,
    "parent": 0,
    "menu_order": 0,
    "comment_status": "closed",
    "ping_status": "closed",
    "template": "elementor_header_footer",
    "meta": {
        "_seopress_titles_title": "Abholung - Kostenlose Autoabholung und Autor\u00fcckgabe in Reykjav\u00edk und am Flughafen KEF in Island.",
        "_seopress_titles_desc": "Kostenlose Autoabholung & Autor\u00fcckgabe in Reykjav\u00edk und am Flughafen KEF. N\u00e4chtliche Abholung und R\u00fcckgabe sowie Kartenzahlung m\u00f6glich.",
        "_seopress_robots_index": "",
        "_seopress_robots_follow": "",
        "_seopress_robots_imageindex": "",
        "_seopress_robots_snippet": "",
        "_seopress_robots_primary_cat": "",
        "_seopress_robots_breadcrumbs": "",
        "_seopress_robots_freeze_modified_date": "",
        "_seopress_robots_custom_modified_date": "",
        "_seopress_robots_canonical": "",
        "_seopress_social_fb_title": "Abholung - Kostenlose Autoabholung und Autor\u00fcckgabe in Reykjav\u00edk und am Flughafen KEF in Island.",
        "_seopress_social_fb_desc": "Kostenlose Autoabholung &amp; Autor\u00fcckgabe in Reykjav\u00edk und am Flughafen KEF. N\u00e4chtliche Abholung und R\u00fcckgabe sowie Kartenzahlung m\u00f6glich.",
        "_seopress_social_fb_img": "https:\/\/icecaricelandrentals.com\/wp-content\/uploads\/2023\/08\/fb.png",
        "_seopress_social_fb_img_attachment_id": 3071,
        "_seopress_social_fb_img_width": 1371,
        "_seopress_social_fb_img_height": 718,
        "_seopress_social_twitter_title": "Abholung - Kostenlose Autoabholung und Autor\u00fcckgabe in Reykjav\u00edk und am Flughafen KEF in Island.",
        "_seopress_social_twitter_desc": "Kostenlose Autoabholung &amp; Autor\u00fcckgabe in Reykjav\u00edk und am Flughafen KEF. N\u00e4chtliche Abholung und R\u00fcckgabe sowie Kartenzahlung m\u00f6glich.",
        "_seopress_social_twitter_img": "https:\/\/icecaricelandrentals.com\/wp-content\/uploads\/2023\/08\/twitter.png",
        "_seopress_social_twitter_img_attachment_id": 3070,
        "_seopress_social_twitter_img_width": 931,
        "_seopress_social_twitter_img_height": 931,
        "_seopress_redirections_value": "Autovermietung Campingausr\u00fcstung Island",
        "_seopress_redirections_enabled": "",
        "_seopress_redirections_enabled_regex": "",
        "_seopress_redirections_logged_status": "both",
        "_seopress_redirections_param": "",
        "_seopress_redirections_type": 301,
        "_seopress_analysis_target_kw": "abholung,autoabholung,flughafen keflavik,car parking keflavik airport,car parking,car park,short stay car park,versp\u00e4tung,ankunft keflavik,wartezeiten flughafen keflavik,ankunft reykjavik,barzahlung,kartenzahlung,aufpreis",
        "_seopress_news_disabled": "",
        "_seopress_video_disabled": "",
        "_seopress_video": [],
        "_seopress_pro_schemas_manual": [],
        "_seopress_pro_rich_snippets_disable_all": "",
        "_seopress_pro_rich_snippets_disable": [],
        "_seopress_pro_schemas": [],
        "_uag_custom_page_level_css": "",
        "_wpcom_ai_launchpad_about_page": false,
        "_wpcom_ai_launchpad_gallery_page": false,
        "_wpcom_ai_launchpad_contact_page": false,
        "_wpcom_ai_launchpad_events_page": false,
        "_wpcom_ai_launchpad_video_page": false,
        "_wpcom_ai_launchpad_portfolio_piece": false,
        "footnotes": ""
    },
    "class_list": [
        "post-643",
        "page",
        "type-page",
        "status-publish",
        "has-post-thumbnail",
        "hentry"
    ],
    "featured_image_src": "https:\/\/i0.wp.com\/icecaricelandrentals.com\/wp-content\/uploads\/2024\/05\/Untitled-design.jpg?fit=1080%2C1080&ssl=1",
    "uagb_featured_image_src": {
        "full": [
            "https:\/\/i0.wp.com\/icecaricelandrentals.com\/wp-content\/uploads\/2024\/05\/Untitled-design.jpg?fit=1080%2C1080&ssl=1",
            1080,
            1080,
            false
        ],
        "thumbnail": [
            "https:\/\/i0.wp.com\/icecaricelandrentals.com\/wp-content\/uploads\/2024\/05\/Untitled-design.jpg?resize=150%2C150&ssl=1",
            150,
            150,
            true
        ],
        "medium": [
            "https:\/\/i0.wp.com\/icecaricelandrentals.com\/wp-content\/uploads\/2024\/05\/Untitled-design.jpg?fit=300%2C300&ssl=1",
            300,
            300,
            true
        ],
        "medium_large": [
            "https:\/\/i0.wp.com\/icecaricelandrentals.com\/wp-content\/uploads\/2024\/05\/Untitled-design.jpg?fit=760%2C760&ssl=1",
            760,
            760,
            true
        ],
        "large": [
            "https:\/\/i0.wp.com\/icecaricelandrentals.com\/wp-content\/uploads\/2024\/05\/Untitled-design.jpg?fit=760%2C760&ssl=1",
            760,
            760,
            true
        ],
        "1536x1536": [
            "https:\/\/i0.wp.com\/icecaricelandrentals.com\/wp-content\/uploads\/2024\/05\/Untitled-design.jpg?fit=1080%2C1080&ssl=1",
            1080,
            1080,
            true
        ],
        "2048x2048": [
            "https:\/\/i0.wp.com\/icecaricelandrentals.com\/wp-content\/uploads\/2024\/05\/Untitled-design.jpg?fit=1080%2C1080&ssl=1",
            1080,
            1080,
            true
        ],
        "trp-custom-language-flag": [
            "https:\/\/i0.wp.com\/icecaricelandrentals.com\/wp-content\/uploads\/2024\/05\/Untitled-design.jpg?fit=12%2C12&ssl=1",
            12,
            12,
            true
        ],
        "newspack-article-block-landscape-large": [
            "https:\/\/i0.wp.com\/icecaricelandrentals.com\/wp-content\/uploads\/2024\/05\/Untitled-design.jpg?resize=1080%2C900&ssl=1",
            1080,
            900,
            true
        ],
        "newspack-article-block-portrait-large": [
            "https:\/\/i0.wp.com\/icecaricelandrentals.com\/wp-content\/uploads\/2024\/05\/Untitled-design.jpg?resize=900%2C1080&ssl=1",
            900,
            1080,
            true
        ],
        "newspack-article-block-square-large": [
            "https:\/\/i0.wp.com\/icecaricelandrentals.com\/wp-content\/uploads\/2024\/05\/Untitled-design.jpg?resize=1080%2C1080&ssl=1",
            1080,
            1080,
            true
        ],
        "newspack-article-block-landscape-medium": [
            "https:\/\/i0.wp.com\/icecaricelandrentals.com\/wp-content\/uploads\/2024\/05\/Untitled-design.jpg?resize=800%2C600&ssl=1",
            800,
            600,
            true
        ],
        "newspack-article-block-portrait-medium": [
            "https:\/\/i0.wp.com\/icecaricelandrentals.com\/wp-content\/uploads\/2024\/05\/Untitled-design.jpg?resize=600%2C800&ssl=1",
            600,
            800,
            true
        ],
        "newspack-article-block-square-medium": [
            "https:\/\/i0.wp.com\/icecaricelandrentals.com\/wp-content\/uploads\/2024\/05\/Untitled-design.jpg?resize=800%2C800&ssl=1",
            800,
            800,
            true
        ],
        "newspack-article-block-landscape-intermediate": [
            "https:\/\/i0.wp.com\/icecaricelandrentals.com\/wp-content\/uploads\/2024\/05\/Untitled-design.jpg?resize=600%2C450&ssl=1",
            600,
            450,
            true
        ],
        "newspack-article-block-portrait-intermediate": [
            "https:\/\/i0.wp.com\/icecaricelandrentals.com\/wp-content\/uploads\/2024\/05\/Untitled-design.jpg?resize=450%2C600&ssl=1",
            450,
            600,
            true
        ],
        "newspack-article-block-square-intermediate": [
            "https:\/\/i0.wp.com\/icecaricelandrentals.com\/wp-content\/uploads\/2024\/05\/Untitled-design.jpg?resize=600%2C600&ssl=1",
            600,
            600,
            true
        ],
        "newspack-article-block-landscape-small": [
            "https:\/\/i0.wp.com\/icecaricelandrentals.com\/wp-content\/uploads\/2024\/05\/Untitled-design.jpg?resize=400%2C300&ssl=1",
            400,
            300,
            true
        ],
        "newspack-article-block-portrait-small": [
            "https:\/\/i0.wp.com\/icecaricelandrentals.com\/wp-content\/uploads\/2024\/05\/Untitled-design.jpg?resize=300%2C400&ssl=1",
            300,
            400,
            true
        ],
        "newspack-article-block-square-small": [
            "https:\/\/i0.wp.com\/icecaricelandrentals.com\/wp-content\/uploads\/2024\/05\/Untitled-design.jpg?resize=400%2C400&ssl=1",
            400,
            400,
            true
        ],
        "newspack-article-block-landscape-tiny": [
            "https:\/\/i0.wp.com\/icecaricelandrentals.com\/wp-content\/uploads\/2024\/05\/Untitled-design.jpg?resize=200%2C150&ssl=1",
            200,
            150,
            true
        ],
        "newspack-article-block-portrait-tiny": [
            "https:\/\/i0.wp.com\/icecaricelandrentals.com\/wp-content\/uploads\/2024\/05\/Untitled-design.jpg?resize=150%2C200&ssl=1",
            150,
            200,
            true
        ],
        "newspack-article-block-square-tiny": [
            "https:\/\/i0.wp.com\/icecaricelandrentals.com\/wp-content\/uploads\/2024\/05\/Untitled-design.jpg?resize=200%2C200&ssl=1",
            200,
            200,
            true
        ],
        "newspack-article-block-uncropped": [
            "https:\/\/i0.wp.com\/icecaricelandrentals.com\/wp-content\/uploads\/2024\/05\/Untitled-design.jpg?fit=1080%2C1080&ssl=1",
            1080,
            1080,
            true
        ],
        "toujours-banner": [
            "https:\/\/i0.wp.com\/icecaricelandrentals.com\/wp-content\/uploads\/2024\/05\/Untitled-design.jpg?resize=1080%2C600&ssl=1",
            1080,
            600,
            true
        ],
        "toujours-featured": [
            "https:\/\/i0.wp.com\/icecaricelandrentals.com\/wp-content\/uploads\/2024\/05\/Untitled-design.jpg?fit=940%2C940&ssl=1",
            940,
            940,
            true
        ],
        "toujours-trio": [
            "https:\/\/i0.wp.com\/icecaricelandrentals.com\/wp-content\/uploads\/2024\/05\/Untitled-design.jpg?resize=680%2C383&ssl=1",
            680,
            383,
            true
        ],
        "toujours-site-logo": [
            "https:\/\/i0.wp.com\/icecaricelandrentals.com\/wp-content\/uploads\/2024\/05\/Untitled-design.jpg?fit=400%2C400&ssl=1",
            400,
            400,
            true
        ],
        "mailpoet_newsletter_max": [
            "https:\/\/i0.wp.com\/icecaricelandrentals.com\/wp-content\/uploads\/2024\/05\/Untitled-design.jpg?fit=1080%2C1080&ssl=1",
            1080,
            1080,
            true
        ]
    },
    "uagb_author_info": {
        "display_name": "icecariceland",
        "author_link": "https:\/\/icecaricelandrentals.com\/de\/author\/icecariceland\/"
    },
    "uagb_comment_info": 0,
    "uagb_excerpt": "Abholung Flughafenservice &#8211; Die Abholung und R\u00fcckgabe des Fahrzeugs am Flughafen Keflav\u00edk (KEF) sind im Mietpreis enthalten. F\u00fcr Abholungen oder R\u00fcckgaben zwischen 22:00 und 08:00 Uhr f\u00e4llt eine Geb\u00fchr von 20 EUR an. Treffpunkt &#8211;&hellip; Mehr",
    "jetpack_likes_enabled": false,
    "jetpack_sharing_enabled": true,
    "jetpack_shortlink": "https:\/\/wp.me\/PemdaK-an",
    "jetpack-related-posts": [
        {
            "id": 1300,
            "url": "https:\/\/icecaricelandrentals.com\/de\/faq\/",
            "url_meta": {
                "origin": 643,
                "position": 0
            },
            "title": "FAQ",
            "author": "icecariceland",
            "date": "Januar 25, 2023",
            "format": false,
            "excerpt": "Gibt es eine Mindestmietdauer?Die Mindestmietdauer betr\u00e4gt 3 Tage (72 Std).Darf ich au\u00dferhalb befestigter Stra\u00dfen fahren?Nein. Offroad fahren sowie das Durchqueren von Fl\u00fcssen ist mit keinem unserer Fahrzeuge erlaubt.Sind zus\u00e4tzliche Kosten zu erwarten?Bei Nichteinhaltung der Verkehrsordnung drohen Bu\u00dfgelder.Bezahle ich extra f\u00fcr einen zus\u00e4tzlichen Fahrer?Nein.Werden die Fahrzeuge je nach Saison mit Sommer-\u2026",
            "rel": "",
            "context": "\u00c4hnlicher Beitrag",
            "block_context": {
                "text": "\u00c4hnlicher Beitrag",
                "link": ""
            },
            "img": {
                "alt_text": "",
                "src": "https:\/\/i0.wp.com\/icecaricelandrentals.com\/wp-content\/uploads\/2024\/05\/DSC_0084.jpg?fit=1200%2C795&ssl=1&resize=350%2C200",
                "width": 350,
                "height": 200,
                "srcset": "https:\/\/i0.wp.com\/icecaricelandrentals.com\/wp-content\/uploads\/2024\/05\/DSC_0084.jpg?fit=1200%2C795&ssl=1&resize=350%2C200 1x, https:\/\/i0.wp.com\/icecaricelandrentals.com\/wp-content\/uploads\/2024\/05\/DSC_0084.jpg?fit=1200%2C795&ssl=1&resize=525%2C300 1.5x, https:\/\/i0.wp.com\/icecaricelandrentals.com\/wp-content\/uploads\/2024\/05\/DSC_0084.jpg?fit=1200%2C795&ssl=1&resize=700%2C400 2x, https:\/\/i0.wp.com\/icecaricelandrentals.com\/wp-content\/uploads\/2024\/05\/DSC_0084.jpg?fit=1200%2C795&ssl=1&resize=1050%2C600 3x"
            },
            "classes": []
        },
        {
            "id": 519,
            "url": "https:\/\/icecaricelandrentals.com\/de\/geschaftsbedingungen\/",
            "url_meta": {
                "origin": 643,
                "position": 1
            },
            "title": "Gesch\u00e4ftsbedingungen",
            "author": "icecariceland",
            "date": "Dezember 1, 2022",
            "format": false,
            "excerpt": "1. Der Mietvertrag f\u00fcr das Fahrzeug wird zwischen Ice Car Iceland ehf. (ID: 580518-0360, USt-IdNr.: 131611, Lizenz: 297) (\u201eEigent\u00fcmer\u201c) und dem Kunden (\u201eMieter\u201c), gemeinsam \u201edie Parteien\u201c, abgeschlossen.Verwendungszweck2. Das Fahrzeug ist nur f\u00fcr den pers\u00f6nlichen Gebrauch auf ordnungsgem\u00e4\u00df gewarteten Stra\u00dfen und Parkpl\u00e4tzen bestimmt. Der Mieter muss \u00fcber die erforderliche Lizenz verf\u00fcgen\u2026",
            "rel": "",
            "context": "\u00c4hnlicher Beitrag",
            "block_context": {
                "text": "\u00c4hnlicher Beitrag",
                "link": ""
            },
            "img": {
                "alt_text": "",
                "src": "https:\/\/i0.wp.com\/icecaricelandrentals.com\/wp-content\/uploads\/2024\/05\/DSC03556-e1715598045605.jpg?fit=1200%2C1200&ssl=1&resize=350%2C200",
                "width": 350,
                "height": 200,
                "srcset": "https:\/\/i0.wp.com\/icecaricelandrentals.com\/wp-content\/uploads\/2024\/05\/DSC03556-e1715598045605.jpg?fit=1200%2C1200&ssl=1&resize=350%2C200 1x, https:\/\/i0.wp.com\/icecaricelandrentals.com\/wp-content\/uploads\/2024\/05\/DSC03556-e1715598045605.jpg?fit=1200%2C1200&ssl=1&resize=525%2C300 1.5x, https:\/\/i0.wp.com\/icecaricelandrentals.com\/wp-content\/uploads\/2024\/05\/DSC03556-e1715598045605.jpg?fit=1200%2C1200&ssl=1&resize=700%2C400 2x, https:\/\/i0.wp.com\/icecaricelandrentals.com\/wp-content\/uploads\/2024\/05\/DSC03556-e1715598045605.jpg?fit=1200%2C1200&ssl=1&resize=1050%2C600 3x"
            },
            "classes": []
        },
        {
            "id": 1348,
            "url": "https:\/\/icecaricelandrentals.com\/de\/",
            "url_meta": {
                "origin": 643,
                "position": 2
            },
            "title": "Home",
            "author": "icecariceland",
            "date": "Januar 26, 2023",
            "format": false,
            "excerpt": "warum wir? Flughafen Shuttle SAAP, GP und TP inklusive Familienbetrieb Mehrsprachig WLAN verf\u00fcgbar Verschiedene Zahlarten Campingausr\u00fcstung Gratis Zusatzfahrer Unbegrenzte Kilometer Keine Vorauszahlung 24\/7 Notfall Kontakt St\u00e4ndige Wartung Regionale Expertise Nagelreifen im Winter Keine versteckten Kosten unsere flotte ALLE FAHRZEUGE Entdecken Sie Island mit uns! Erleben Sie die Natur Islands mit\u2026",
            "rel": "",
            "context": "\u00c4hnlicher Beitrag",
            "block_context": {
                "text": "\u00c4hnlicher Beitrag",
                "link": ""
            },
            "img": {
                "alt_text": "",
                "src": "https:\/\/i0.wp.com\/icecaricelandrentals.com\/wp-content\/uploads\/2024\/05\/Untitled-design.png?fit=1200%2C600&ssl=1&resize=350%2C200",
                "width": 350,
                "height": 200,
                "srcset": "https:\/\/i0.wp.com\/icecaricelandrentals.com\/wp-content\/uploads\/2024\/05\/Untitled-design.png?fit=1200%2C600&ssl=1&resize=350%2C200 1x, https:\/\/i0.wp.com\/icecaricelandrentals.com\/wp-content\/uploads\/2024\/05\/Untitled-design.png?fit=1200%2C600&ssl=1&resize=525%2C300 1.5x, https:\/\/i0.wp.com\/icecaricelandrentals.com\/wp-content\/uploads\/2024\/05\/Untitled-design.png?fit=1200%2C600&ssl=1&resize=700%2C400 2x, https:\/\/i0.wp.com\/icecaricelandrentals.com\/wp-content\/uploads\/2024\/05\/Untitled-design.png?fit=1200%2C600&ssl=1&resize=1050%2C600 3x"
            },
            "classes": []
        },
        {
            "id": 6976,
            "url": "https:\/\/icecaricelandrentals.com\/de\/fahren-in-island\/",
            "url_meta": {
                "origin": 643,
                "position": 3
            },
            "title": "Fahren in Island",
            "author": "icecariceland",
            "date": "Mai 27, 2025",
            "format": false,
            "excerpt": "Stra\u00dfenzustand & Wetter pr\u00fcfen: \u00dcberpr\u00fcfen Sie regelm\u00e4\u00dfig die Website der Isl\u00e4ndischen Stra\u00dfen - und K\u00fcstenverwaltung sowie den Wetterbericht \u2013 das sind die wichtigsten Ma\u00dfnahmen f\u00fcr Ihre Sicherheit w\u00e4hrend der Fahrt.Parkgeb\u00fchren: An vielen Sehensw\u00fcrdigkeiten und auf Stadtparkpl\u00e4tzen in Akureyri und Reykjav\u00edk f\u00e4llt eine Geb\u00fchr an. Die Bezahlung erfolgt in der Regel\u2026",
            "rel": "",
            "context": "\u00c4hnlicher Beitrag",
            "block_context": {
                "text": "\u00c4hnlicher Beitrag",
                "link": ""
            },
            "img": {
                "alt_text": "",
                "src": "",
                "width": 0,
                "height": 0
            },
            "classes": []
        },
        {
            "id": 8,
            "url": "https:\/\/icecaricelandrentals.com\/de\/kontakt\/",
            "url_meta": {
                "origin": 643,
                "position": 4
            },
            "title": "Kontakt",
            "author": "icecariceland",
            "date": "November 7, 2022",
            "format": false,
            "excerpt": "Adresse: Ice Car Iceland ehf.Melabraut 28Hafnarfj\u00f6r\u00f0ur, 220Iceland Email: icecariceland@gmail.com Telefon (Mietwagen): +354 7736339 Telefon (Reparatur): +354 7702234 \u00d6ffnungszeiten Au\u00dferhalb der \u00d6ffnungszeiten erreichen sie uns immer telefonisch!",
            "rel": "",
            "context": "\u00c4hnlicher Beitrag",
            "block_context": {
                "text": "\u00c4hnlicher Beitrag",
                "link": ""
            },
            "img": {
                "alt_text": "",
                "src": "https:\/\/i0.wp.com\/icecaricelandrentals.com\/wp-content\/uploads\/2024\/05\/20230731_143855-Copy-e1715770884405.jpg?fit=1200%2C1200&ssl=1&resize=350%2C200",
                "width": 350,
                "height": 200,
                "srcset": "https:\/\/i0.wp.com\/icecaricelandrentals.com\/wp-content\/uploads\/2024\/05\/20230731_143855-Copy-e1715770884405.jpg?fit=1200%2C1200&ssl=1&resize=350%2C200 1x, https:\/\/i0.wp.com\/icecaricelandrentals.com\/wp-content\/uploads\/2024\/05\/20230731_143855-Copy-e1715770884405.jpg?fit=1200%2C1200&ssl=1&resize=525%2C300 1.5x, https:\/\/i0.wp.com\/icecaricelandrentals.com\/wp-content\/uploads\/2024\/05\/20230731_143855-Copy-e1715770884405.jpg?fit=1200%2C1200&ssl=1&resize=700%2C400 2x, https:\/\/i0.wp.com\/icecaricelandrentals.com\/wp-content\/uploads\/2024\/05\/20230731_143855-Copy-e1715770884405.jpg?fit=1200%2C1200&ssl=1&resize=1050%2C600 3x"
            },
            "classes": []
        },
        {
            "id": 379,
            "url": "https:\/\/icecaricelandrentals.com\/de\/add-ons\/",
            "url_meta": {
                "origin": 643,
                "position": 5
            },
            "title": "Add-ons",
            "author": "icecariceland",
            "date": "November 29, 2022",
            "format": false,
            "excerpt": "Die folgenden Extras werden einmalig als Pauschalbetrag berechnet - nicht pro Tag. Babysitz - 20 EURCa. 0-1 Jahre (1-13 kg) Kindersitz Kleinkind - 20 EURCa. 9 Monate - 4 Jahre (9-18 kg) Kindersitz - 20 EURCa. 4-11 Jahre (15-36 kg, \u02c2135 cm) Sitzerh\u00f6hung - 10 EURCa. 4-11 Jahre (22-36 kg,\u2026",
            "rel": "",
            "context": "\u00c4hnlicher Beitrag",
            "block_context": {
                "text": "\u00c4hnlicher Beitrag",
                "link": ""
            },
            "img": {
                "alt_text": "",
                "src": "https:\/\/i0.wp.com\/icecaricelandrentals.com\/wp-content\/uploads\/2024\/05\/41572315_1921919828110824_8992186179377954816_n-e1715771850620.jpg?fit=901%2C901&ssl=1&resize=350%2C200",
                "width": 350,
                "height": 200,
                "srcset": "https:\/\/i0.wp.com\/icecaricelandrentals.com\/wp-content\/uploads\/2024\/05\/41572315_1921919828110824_8992186179377954816_n-e1715771850620.jpg?fit=901%2C901&ssl=1&resize=350%2C200 1x, https:\/\/i0.wp.com\/icecaricelandrentals.com\/wp-content\/uploads\/2024\/05\/41572315_1921919828110824_8992186179377954816_n-e1715771850620.jpg?fit=901%2C901&ssl=1&resize=525%2C300 1.5x, https:\/\/i0.wp.com\/icecaricelandrentals.com\/wp-content\/uploads\/2024\/05\/41572315_1921919828110824_8992186179377954816_n-e1715771850620.jpg?fit=901%2C901&ssl=1&resize=700%2C400 2x"
            },
            "classes": []
        }
    ],
    "_links": {
        "self": [
            {
                "href": "https:\/\/icecaricelandrentals.com\/de\/wp-json\/wp\/v2\/pages\/643",
                "targetHints": {
                    "allow": [
                        "GET"
                    ]
                }
            }
        ],
        "collection": [
            {
                "href": "https:\/\/icecaricelandrentals.com\/de\/wp-json\/wp\/v2\/pages"
            }
        ],
        "about": [
            {
                "href": "https:\/\/icecaricelandrentals.com\/de\/wp-json\/wp\/v2\/types\/page"
            }
        ],
        "author": [
            {
                "embeddable": true,
                "href": "https:\/\/icecaricelandrentals.com\/de\/wp-json\/wp\/v2\/users\/227937429"
            }
        ],
        "replies": [
            {
                "embeddable": true,
                "href": "https:\/\/icecaricelandrentals.com\/de\/wp-json\/wp\/v2\/comments?post=643"
            }
        ],
        "version-history": [
            {
                "count": 100,
                "href": "https:\/\/icecaricelandrentals.com\/de\/wp-json\/wp\/v2\/pages\/643\/revisions"
            }
        ],
        "predecessor-version": [
            {
                "id": 7449,
                "href": "https:\/\/icecaricelandrentals.com\/de\/wp-json\/wp\/v2\/pages\/643\/revisions\/7449"
            }
        ],
        "wp:featuredmedia": [
            {
                "embeddable": true,
                "href": "https:\/\/icecaricelandrentals.com\/de\/wp-json\/wp\/v2\/media\/3850"
            }
        ],
        "wp:attachment": [
            {
                "href": "https:\/\/icecaricelandrentals.com\/de\/wp-json\/wp\/v2\/media?parent=643"
            }
        ],
        "curies": [
            {
                "name": "wp",
                "href": "https:\/\/api.w.org\/{rel}",
                "templated": true
            }
        ]
    }
}