{
    "id": 1300,
    "date": "2023-01-25T12:23:13",
    "date_gmt": "2023-01-25T12:23:13",
    "guid": {
        "rendered": "https:\/\/icecaricelandrentals.com\/?page_id=1300"
    },
    "modified": "2025-07-15T18:42:27",
    "modified_gmt": "2025-07-15T18:42:27",
    "slug": "faq",
    "status": "publish",
    "type": "page",
    "link": "https:\/\/icecaricelandrentals.com\/de\/faq\/",
    "title": {
        "rendered": "FAQ"
    },
    "content": {
        "rendered": "<div data-elementor-type=\"wp-page\" data-elementor-id=\"1300\" class=\"elementor elementor-1300\">\n\t\t\t\t<div class=\"elementor-element elementor-element-577aa1c3 e-flex e-con-boxed e-con e-parent\" data-id=\"577aa1c3\" data-element_type=\"container\" data-e-type=\"container\">\n\t\t\t\t\t<div class=\"e-con-inner\">\n\t\t\t\t<div class=\"elementor-element elementor-element-5ce935c7 elementor-widget elementor-widget-text-editor\" data-id=\"5ce935c7\" data-element_type=\"widget\" data-e-type=\"widget\" data-widget_type=\"text-editor.default\">\n\t\t\t\t<div class=\"elementor-widget-container\">\n\t\t\t\t\t\t\t\t\t<div class=\"wp-block-uagb-faq uagb-faq__outer-wrap uagb-block-cc92fe5a uagb-faq-icon-row uagb-faq-layout-accordion uagb-faq-expand-first-true uagb-faq-inactive-other-true uagb-faq__wrap uagb-buttons-layout-wrap uagb-faq-equal-height\" role=\"tablist\" data-faqtoggle=\"true\"><p><div class=\"wp-block-uagb-faq-child uagb-faq-child__outer-wrap uagb-faq-item uagb-block-4865b37f\" role=\"tab\" tabindex=\"0\"><div class=\"uagb-faq-questions-button uagb-faq-questions\">\t\t\t<span class=\"uagb-icon uagb-faq-icon-wrap\">\n\t\t\t\t\t\t\t\t<svg xmlns=\"https:\/\/www.w3.org\/2000\/svg\" viewbox= \"0 0 448 512\"><path d=\"M432 256c0 17.69-14.33 32.01-32 32.01H256v144c0 17.69-14.33 31.99-32 31.99s-32-14.3-32-31.99v-144H48c-17.67 0-32-14.32-32-32.01s14.33-31.99 32-31.99H192v-144c0-17.69 14.33-32.01 32-32.01s32 14.32 32 32.01v144h144C417.7 224 432 238.3 432 256z\"><\/path><\/svg>\n\t\t\t\t\t\t\t<\/span>\n\t\t\t\t\t\t<span class=\"uagb-icon-active uagb-faq-icon-wrap\">\n\t\t\t\t\t\t\t\t<svg xmlns=\"https:\/\/www.w3.org\/2000\/svg\" viewbox= \"0 0 448 512\"><path d=\"M400 288h-352c-17.69 0-32-14.32-32-32.01s14.31-31.99 32-31.99h352c17.69 0 32 14.3 32 31.99S417.7 288 400 288z\"><\/path><\/svg>\n\t\t\t\t\t\t\t<\/span>\n\t\t\t<span class=\"uagb-question\"><strong>Gibt es eine Mindestmietdauer?<\/strong><\/span><\/div><div class=\"uagb-faq-content\"><p>Die Mindestmietdauer betr\u00e4gt 3 Tage (72 Std.).<\/p><\/div><\/div><div class=\"wp-block-uagb-faq-child uagb-faq-child__outer-wrap uagb-faq-item uagb-block-3a92e671\" role=\"tab\" tabindex=\"0\"><div class=\"uagb-faq-questions-button uagb-faq-questions\">\t\t\t<span class=\"uagb-icon uagb-faq-icon-wrap\">\n\t\t\t\t\t\t\t\t<svg xmlns=\"https:\/\/www.w3.org\/2000\/svg\" viewbox= \"0 0 448 512\"><path d=\"M432 256c0 17.69-14.33 32.01-32 32.01H256v144c0 17.69-14.33 31.99-32 31.99s-32-14.3-32-31.99v-144H48c-17.67 0-32-14.32-32-32.01s14.33-31.99 32-31.99H192v-144c0-17.69 14.33-32.01 32-32.01s32 14.32 32 32.01v144h144C417.7 224 432 238.3 432 256z\"><\/path><\/svg>\n\t\t\t\t\t\t\t<\/span>\n\t\t\t\t\t\t<span class=\"uagb-icon-active uagb-faq-icon-wrap\">\n\t\t\t\t\t\t\t\t<svg xmlns=\"https:\/\/www.w3.org\/2000\/svg\" viewbox= \"0 0 448 512\"><path d=\"M400 288h-352c-17.69 0-32-14.32-32-32.01s14.31-31.99 32-31.99h352c17.69 0 32 14.3 32 31.99S417.7 288 400 288z\"><\/path><\/svg>\n\t\t\t\t\t\t\t<\/span>\n\t\t\t<span class=\"uagb-question\"><strong>Darf ich au\u00dferhalb befestigter Stra\u00dfen fahren?<\/strong><\/span><\/div><div class=\"uagb-faq-content\"><p>Nein. Offroad fahren sowie das Durchqueren von Fl\u00fcssen ist mit keinem unserer Fahrzeuge erlaubt.<\/p><\/div><\/div><div class=\"wp-block-uagb-faq-child uagb-faq-child__outer-wrap uagb-faq-item uagb-block-d71f766d\" role=\"tab\" tabindex=\"0\"><div class=\"uagb-faq-questions-button uagb-faq-questions\">\t\t\t<span class=\"uagb-icon uagb-faq-icon-wrap\">\n\t\t\t\t\t\t\t\t<svg xmlns=\"https:\/\/www.w3.org\/2000\/svg\" viewbox= \"0 0 448 512\"><path d=\"M432 256c0 17.69-14.33 32.01-32 32.01H256v144c0 17.69-14.33 31.99-32 31.99s-32-14.3-32-31.99v-144H48c-17.67 0-32-14.32-32-32.01s14.33-31.99 32-31.99H192v-144c0-17.69 14.33-32.01 32-32.01s32 14.32 32 32.01v144h144C417.7 224 432 238.3 432 256z\"><\/path><\/svg>\n\t\t\t\t\t\t\t<\/span>\n\t\t\t\t\t\t<span class=\"uagb-icon-active uagb-faq-icon-wrap\">\n\t\t\t\t\t\t\t\t<svg xmlns=\"https:\/\/www.w3.org\/2000\/svg\" viewbox= \"0 0 448 512\"><path d=\"M400 288h-352c-17.69 0-32-14.32-32-32.01s14.31-31.99 32-31.99h352c17.69 0 32 14.3 32 31.99S417.7 288 400 288z\"><\/path><\/svg>\n\t\t\t\t\t\t\t<\/span>\n\t\t\t<span class=\"uagb-question\"><strong>Sind zus\u00e4tzliche Kosten zu erwarten?<\/strong><\/span><\/div><div class=\"uagb-faq-content\"><p>Bei Nichteinhaltung der Verkehrsordnung drohen Bu\u00dfgelder. <\/p><\/div><\/div><div class=\"wp-block-uagb-faq-child uagb-faq-child__outer-wrap uagb-faq-item uagb-block-4266529a\" role=\"tab\" tabindex=\"0\"><div class=\"uagb-faq-questions-button uagb-faq-questions\">\t\t\t<span class=\"uagb-icon uagb-faq-icon-wrap\">\n\t\t\t\t\t\t\t\t<svg xmlns=\"https:\/\/www.w3.org\/2000\/svg\" viewbox= \"0 0 448 512\"><path d=\"M432 256c0 17.69-14.33 32.01-32 32.01H256v144c0 17.69-14.33 31.99-32 31.99s-32-14.3-32-31.99v-144H48c-17.67 0-32-14.32-32-32.01s14.33-31.99 32-31.99H192v-144c0-17.69 14.33-32.01 32-32.01s32 14.32 32 32.01v144h144C417.7 224 432 238.3 432 256z\"><\/path><\/svg>\n\t\t\t\t\t\t\t<\/span>\n\t\t\t\t\t\t<span class=\"uagb-icon-active uagb-faq-icon-wrap\">\n\t\t\t\t\t\t\t\t<svg xmlns=\"https:\/\/www.w3.org\/2000\/svg\" viewbox= \"0 0 448 512\"><path d=\"M400 288h-352c-17.69 0-32-14.32-32-32.01s14.31-31.99 32-31.99h352c17.69 0 32 14.3 32 31.99S417.7 288 400 288z\"><\/path><\/svg>\n\t\t\t\t\t\t\t<\/span>\n\t\t\t<span class=\"uagb-question\"><strong>Bezahle ich extra f\u00fcr einen zus\u00e4tzlichen Fahrer?<\/strong><\/span><\/div><div class=\"uagb-faq-content\"><p>Nein.<\/p><\/div><\/div><div class=\"wp-block-uagb-faq-child uagb-faq-child__outer-wrap uagb-faq-item uagb-block-f52a5ca3\" role=\"tab\" tabindex=\"0\"><div class=\"uagb-faq-questions-button uagb-faq-questions\">\t\t\t<span class=\"uagb-icon uagb-faq-icon-wrap\">\n\t\t\t\t\t\t\t\t<svg xmlns=\"https:\/\/www.w3.org\/2000\/svg\" viewbox= \"0 0 448 512\"><path d=\"M432 256c0 17.69-14.33 32.01-32 32.01H256v144c0 17.69-14.33 31.99-32 31.99s-32-14.3-32-31.99v-144H48c-17.67 0-32-14.32-32-32.01s14.33-31.99 32-31.99H192v-144c0-17.69 14.33-32.01 32-32.01s32 14.32 32 32.01v144h144C417.7 224 432 238.3 432 256z\"><\/path><\/svg>\n\t\t\t\t\t\t\t<\/span>\n\t\t\t\t\t\t<span class=\"uagb-icon-active uagb-faq-icon-wrap\">\n\t\t\t\t\t\t\t\t<svg xmlns=\"https:\/\/www.w3.org\/2000\/svg\" viewbox= \"0 0 448 512\"><path d=\"M400 288h-352c-17.69 0-32-14.32-32-32.01s14.31-31.99 32-31.99h352c17.69 0 32 14.3 32 31.99S417.7 288 400 288z\"><\/path><\/svg>\n\t\t\t\t\t\t\t<\/span>\n\t\t\t<span class=\"uagb-question\"><strong>Werden die Fahrzeuge je nach Saison mit Sommer- oder Winterreifen angeboten?<\/strong><\/span><\/div><div class=\"uagb-faq-content\"><p>Ja. <\/p><\/div><\/div><div class=\"wp-block-uagb-faq-child uagb-faq-child__outer-wrap uagb-faq-item uagb-block-3babd238\" role=\"tab\" tabindex=\"0\"><div class=\"uagb-faq-questions-button uagb-faq-questions\">\t\t\t<span class=\"uagb-icon uagb-faq-icon-wrap\">\n\t\t\t\t\t\t\t\t<svg xmlns=\"https:\/\/www.w3.org\/2000\/svg\" viewbox= \"0 0 448 512\"><path d=\"M432 256c0 17.69-14.33 32.01-32 32.01H256v144c0 17.69-14.33 31.99-32 31.99s-32-14.3-32-31.99v-144H48c-17.67 0-32-14.32-32-32.01s14.33-31.99 32-31.99H192v-144c0-17.69 14.33-32.01 32-32.01s32 14.32 32 32.01v144h144C417.7 224 432 238.3 432 256z\"><\/path><\/svg>\n\t\t\t\t\t\t\t<\/span>\n\t\t\t\t\t\t<span class=\"uagb-icon-active uagb-faq-icon-wrap\">\n\t\t\t\t\t\t\t\t<svg xmlns=\"https:\/\/www.w3.org\/2000\/svg\" viewbox= \"0 0 448 512\"><path d=\"M400 288h-352c-17.69 0-32-14.32-32-32.01s14.31-31.99 32-31.99h352c17.69 0 32 14.3 32 31.99S417.7 288 400 288z\"><\/path><\/svg>\n\t\t\t\t\t\t\t<\/span>\n\t\t\t<span class=\"uagb-question\"><strong>Was mache ich im Falle einer Panne oder eines Unfalls?<\/strong><\/span><\/div><div class=\"uagb-faq-content\"><p>Bitte setzen sie sich schnellstm\u00f6glich mit uns in Verbindung.<\/p><\/div><\/div><div class=\"wp-block-uagb-faq-child uagb-faq-child__outer-wrap uagb-faq-item uagb-block-fc6afa0d\" role=\"tab\" tabindex=\"0\"><div class=\"uagb-faq-questions-button uagb-faq-questions\">\t\t\t<span class=\"uagb-icon uagb-faq-icon-wrap\">\n\t\t\t\t\t\t\t\t<svg xmlns=\"https:\/\/www.w3.org\/2000\/svg\" viewbox= \"0 0 448 512\"><path d=\"M432 256c0 17.69-14.33 32.01-32 32.01H256v144c0 17.69-14.33 31.99-32 31.99s-32-14.3-32-31.99v-144H48c-17.67 0-32-14.32-32-32.01s14.33-31.99 32-31.99H192v-144c0-17.69 14.33-32.01 32-32.01s32 14.32 32 32.01v144h144C417.7 224 432 238.3 432 256z\"><\/path><\/svg>\n\t\t\t\t\t\t\t<\/span>\n\t\t\t\t\t\t<span class=\"uagb-icon-active uagb-faq-icon-wrap\">\n\t\t\t\t\t\t\t\t<svg xmlns=\"https:\/\/www.w3.org\/2000\/svg\" viewbox= \"0 0 448 512\"><path d=\"M400 288h-352c-17.69 0-32-14.32-32-32.01s14.31-31.99 32-31.99h352c17.69 0 32 14.3 32 31.99S417.7 288 400 288z\"><\/path><\/svg>\n\t\t\t\t\t\t\t<\/span>\n\t\t\t<span class=\"uagb-question\"><strong>Brauche ich einen SUV\/Fahrzeug mit Allradantrieb in Island?<\/strong><\/span><\/div><div class=\"uagb-faq-content\"><p>Nicht unbedingt. Solange sie sich ausschlie\u00dflich auf asphaltierten Stra\u00dfen fortbewegen, reicht ein Kleinwagen ohne Allradantrieb.<\/p><\/div><\/div><div class=\"wp-block-uagb-faq-child uagb-faq-child__outer-wrap uagb-faq-item uagb-block-b3af2f1b\" role=\"tab\" tabindex=\"0\"><div class=\"uagb-faq-questions-button uagb-faq-questions\">\t\t\t<span class=\"uagb-icon uagb-faq-icon-wrap\">\n\t\t\t\t\t\t\t\t<svg xmlns=\"https:\/\/www.w3.org\/2000\/svg\" viewbox= \"0 0 448 512\"><path d=\"M432 256c0 17.69-14.33 32.01-32 32.01H256v144c0 17.69-14.33 31.99-32 31.99s-32-14.3-32-31.99v-144H48c-17.67 0-32-14.32-32-32.01s14.33-31.99 32-31.99H192v-144c0-17.69 14.33-32.01 32-32.01s32 14.32 32 32.01v144h144C417.7 224 432 238.3 432 256z\"><\/path><\/svg>\n\t\t\t\t\t\t\t<\/span>\n\t\t\t\t\t\t<span class=\"uagb-icon-active uagb-faq-icon-wrap\">\n\t\t\t\t\t\t\t\t<svg xmlns=\"https:\/\/www.w3.org\/2000\/svg\" viewbox= \"0 0 448 512\"><path d=\"M400 288h-352c-17.69 0-32-14.32-32-32.01s14.31-31.99 32-31.99h352c17.69 0 32 14.3 32 31.99S417.7 288 400 288z\"><\/path><\/svg>\n\t\t\t\t\t\t\t<\/span>\n\t\t\t<span class=\"uagb-question\"><strong>Ist eine Einwegmiete m\u00f6glich?<\/strong><\/span><\/div><div class=\"uagb-faq-content\"><p>Nein. Wir bieten jedoch kostenlose Abholung und Abgabe zwischen Reykjav\u00edk und Keflav\u00edk.<\/p><\/div><\/div><div class=\"wp-block-uagb-faq-child uagb-faq-child__outer-wrap uagb-faq-item uagb-block-85389d4e\" role=\"tab\" tabindex=\"0\"><div class=\"uagb-faq-questions-button uagb-faq-questions\">\t\t\t<span class=\"uagb-icon uagb-faq-icon-wrap\">\n\t\t\t\t\t\t\t\t<svg xmlns=\"https:\/\/www.w3.org\/2000\/svg\" viewbox= \"0 0 448 512\"><path d=\"M432 256c0 17.69-14.33 32.01-32 32.01H256v144c0 17.69-14.33 31.99-32 31.99s-32-14.3-32-31.99v-144H48c-17.67 0-32-14.32-32-32.01s14.33-31.99 32-31.99H192v-144c0-17.69 14.33-32.01 32-32.01s32 14.32 32 32.01v144h144C417.7 224 432 238.3 432 256z\"><\/path><\/svg>\n\t\t\t\t\t\t\t<\/span>\n\t\t\t\t\t\t<span class=\"uagb-icon-active uagb-faq-icon-wrap\">\n\t\t\t\t\t\t\t\t<svg xmlns=\"https:\/\/www.w3.org\/2000\/svg\" viewbox= \"0 0 448 512\"><path d=\"M400 288h-352c-17.69 0-32-14.32-32-32.01s14.31-31.99 32-31.99h352c17.69 0 32 14.3 32 31.99S417.7 288 400 288z\"><\/path><\/svg>\n\t\t\t\t\t\t\t<\/span>\n\t\t\t<span class=\"uagb-question\"><strong>K\u00f6nnen Mietwagen am Internationalen Flughafen Keflav\u00edk (KEF) entgegengenommen\/abgegeben werden?<\/strong><\/span><\/div><div class=\"uagb-faq-content\"><p>Ja. Entgegennahme und R\u00fcckgabe von Fahrzeugen am Flughafen KEF sind kostenlos.<\/p><\/div><\/div><div class=\"wp-block-uagb-faq-child uagb-faq-child__outer-wrap uagb-faq-item uagb-block-2d3bbca6\" role=\"tab\" tabindex=\"0\"><div class=\"uagb-faq-questions-button uagb-faq-questions\">\t\t\t<span class=\"uagb-icon uagb-faq-icon-wrap\">\n\t\t\t\t\t\t\t\t<svg xmlns=\"https:\/\/www.w3.org\/2000\/svg\" viewbox= \"0 0 448 512\"><path d=\"M432 256c0 17.69-14.33 32.01-32 32.01H256v144c0 17.69-14.33 31.99-32 31.99s-32-14.3-32-31.99v-144H48c-17.67 0-32-14.32-32-32.01s14.33-31.99 32-31.99H192v-144c0-17.69 14.33-32.01 32-32.01s32 14.32 32 32.01v144h144C417.7 224 432 238.3 432 256z\"><\/path><\/svg>\n\t\t\t\t\t\t\t<\/span>\n\t\t\t\t\t\t<span class=\"uagb-icon-active uagb-faq-icon-wrap\">\n\t\t\t\t\t\t\t\t<svg xmlns=\"https:\/\/www.w3.org\/2000\/svg\" viewbox= \"0 0 448 512\"><path d=\"M400 288h-352c-17.69 0-32-14.32-32-32.01s14.31-31.99 32-31.99h352c17.69 0 32 14.3 32 31.99S417.7 288 400 288z\"><\/path><\/svg>\n\t\t\t\t\t\t\t<\/span>\n\t\t\t<span class=\"uagb-question\"><strong>Wie sind die Stra\u00dfenverh\u00e4ltnisse in Island?<\/strong><\/span><\/div><div class=\"uagb-faq-content\"><p>Island\u00b4s Ringstra\u00dfe ist durchgehend asphaltiert. Abseits der Ringstra\u00dfe befinden sich oft Schotterstra\u00dfen. Das Isl\u00e4ndische Wetter kann die Befahrbarkeit der Stra\u00dfen stark beeinflussen. Die regelm\u00e4\u00dfige Pr\u00fcfung der Gegebenheiten ist deshalb wichtig! <a rel=\"noreferrer noopener\" href=\"https:\/\/en.vedur.is\/weather\/forecasts\/areas\/\" target=\"_blank\">Wetter<\/a> und <a rel=\"noreferrer noopener\" href=\"https:\/\/www.road.is\/travel-info\/road-conditions-and-weather\/\" target=\"_blank\">Stra\u00dfenverh\u00e4ltnisse<\/a> k\u00f6nnen hier eingesehen werden.<\/p><\/div><\/div><div class=\"wp-block-uagb-faq-child uagb-faq-child__outer-wrap uagb-faq-item uagb-block-ef2eac21\" role=\"tab\" tabindex=\"0\"><div class=\"uagb-faq-questions-button uagb-faq-questions\">\t\t\t<span class=\"uagb-icon uagb-faq-icon-wrap\">\n\t\t\t\t\t\t\t\t<svg xmlns=\"https:\/\/www.w3.org\/2000\/svg\" viewbox= \"0 0 448 512\"><path d=\"M432 256c0 17.69-14.33 32.01-32 32.01H256v144c0 17.69-14.33 31.99-32 31.99s-32-14.3-32-31.99v-144H48c-17.67 0-32-14.32-32-32.01s14.33-31.99 32-31.99H192v-144c0-17.69 14.33-32.01 32-32.01s32 14.32 32 32.01v144h144C417.7 224 432 238.3 432 256z\"><\/path><\/svg>\n\t\t\t\t\t\t\t<\/span>\n\t\t\t\t\t\t<span class=\"uagb-icon-active uagb-faq-icon-wrap\">\n\t\t\t\t\t\t\t\t<svg xmlns=\"https:\/\/www.w3.org\/2000\/svg\" viewbox= \"0 0 448 512\"><path d=\"M400 288h-352c-17.69 0-32-14.32-32-32.01s14.31-31.99 32-31.99h352c17.69 0 32 14.3 32 31.99S417.7 288 400 288z\"><\/path><\/svg>\n\t\t\t\t\t\t\t<\/span>\n\t\t\t<span class=\"uagb-question\"><strong>Wo finde ich zuverl\u00e4ssige Informationen \u00fcber das Wetter in Island?<\/strong><\/span><\/div><div class=\"uagb-faq-content\"><p>Am Besten auf der Seite des <a href=\"https:\/\/en.vedur.is\/weather\/forecasts\/areas\/\">Isl\u00e4ndischen Wetterdienstes<\/a> oder bei <a rel=\"noreferrer noopener\" href=\"https:\/\/safetravel.is\/\" target=\"_blank\">SafeTravel.is<\/a>.<\/p><\/div><\/div><div class=\"wp-block-uagb-faq-child uagb-faq-child__outer-wrap uagb-faq-item uagb-block-27c83e37\" role=\"tab\" tabindex=\"0\"><div class=\"uagb-faq-questions-button uagb-faq-questions\">\t\t\t<span class=\"uagb-icon uagb-faq-icon-wrap\">\n\t\t\t\t\t\t\t\t<svg xmlns=\"https:\/\/www.w3.org\/2000\/svg\" viewbox= \"0 0 448 512\"><path d=\"M432 256c0 17.69-14.33 32.01-32 32.01H256v144c0 17.69-14.33 31.99-32 31.99s-32-14.3-32-31.99v-144H48c-17.67 0-32-14.32-32-32.01s14.33-31.99 32-31.99H192v-144c0-17.69 14.33-32.01 32-32.01s32 14.32 32 32.01v144h144C417.7 224 432 238.3 432 256z\"><\/path><\/svg>\n\t\t\t\t\t\t\t<\/span>\n\t\t\t\t\t\t<span class=\"uagb-icon-active uagb-faq-icon-wrap\">\n\t\t\t\t\t\t\t\t<svg xmlns=\"https:\/\/www.w3.org\/2000\/svg\" viewbox= \"0 0 448 512\"><path d=\"M400 288h-352c-17.69 0-32-14.32-32-32.01s14.31-31.99 32-31.99h352c17.69 0 32 14.3 32 31.99S417.7 288 400 288z\"><\/path><\/svg>\n\t\t\t\t\t\t\t<\/span>\n\t\t\t<span class=\"uagb-question\"><strong>Wo finde ich zuverl\u00e4ssige Informationen \u00fcber die Stra\u00dfenverh\u00e4ltnisse in Island?<\/strong><\/span><\/div><div class=\"uagb-faq-content\"><p>Am Besten auf der Seite der <a href=\"https:\/\/www.road.is\/travel-info\/\">Isl\u00e4ndischen Stra\u00dfen- und K\u00fcstenverwaltung<\/a>, unter der Telefonnummer 1777 oder bei <a rel=\"noreferrer noopener\" href=\"https:\/\/safetravel.is\/\" target=\"_blank\">SafeTravel.is<\/a>.<\/p><\/div><\/div><div class=\"wp-block-uagb-faq-child uagb-faq-child__outer-wrap uagb-faq-item uagb-block-2db1e720\" role=\"tab\" tabindex=\"0\"><div class=\"uagb-faq-questions-button uagb-faq-questions\">\t\t\t<span class=\"uagb-icon uagb-faq-icon-wrap\">\n\t\t\t\t\t\t\t\t<svg xmlns=\"https:\/\/www.w3.org\/2000\/svg\" viewbox= \"0 0 448 512\"><path d=\"M432 256c0 17.69-14.33 32.01-32 32.01H256v144c0 17.69-14.33 31.99-32 31.99s-32-14.3-32-31.99v-144H48c-17.67 0-32-14.32-32-32.01s14.33-31.99 32-31.99H192v-144c0-17.69 14.33-32.01 32-32.01s32 14.32 32 32.01v144h144C417.7 224 432 238.3 432 256z\"><\/path><\/svg>\n\t\t\t\t\t\t\t<\/span>\n\t\t\t\t\t\t<span class=\"uagb-icon-active uagb-faq-icon-wrap\">\n\t\t\t\t\t\t\t\t<svg xmlns=\"https:\/\/www.w3.org\/2000\/svg\" viewbox= \"0 0 448 512\"><path d=\"M400 288h-352c-17.69 0-32-14.32-32-32.01s14.31-31.99 32-31.99h352c17.69 0 32 14.3 32 31.99S417.7 288 400 288z\"><\/path><\/svg>\n\t\t\t\t\t\t\t<\/span>\n\t\t\t<span class=\"uagb-question\"><strong>Welche Dokumente ben\u00f6tige ich um ein Auto zu mieten?<\/strong><\/span><\/div><div class=\"uagb-faq-content\"><p>Sie ben\u00f6tigen einen g\u00fcltigen F\u00fchrerschein sowie einen g\u00fcltigen Reisepass oder Personalausweis.<\/p><\/div><\/div><div class=\"wp-block-uagb-faq-child uagb-faq-child__outer-wrap uagb-faq-item uagb-block-db5144df\" role=\"tab\" tabindex=\"0\"><div class=\"uagb-faq-questions-button uagb-faq-questions\">\t\t\t<span class=\"uagb-icon uagb-faq-icon-wrap\">\n\t\t\t\t\t\t\t\t<svg xmlns=\"https:\/\/www.w3.org\/2000\/svg\" viewbox= \"0 0 448 512\"><path d=\"M432 256c0 17.69-14.33 32.01-32 32.01H256v144c0 17.69-14.33 31.99-32 31.99s-32-14.3-32-31.99v-144H48c-17.67 0-32-14.32-32-32.01s14.33-31.99 32-31.99H192v-144c0-17.69 14.33-32.01 32-32.01s32 14.32 32 32.01v144h144C417.7 224 432 238.3 432 256z\"><\/path><\/svg>\n\t\t\t\t\t\t\t<\/span>\n\t\t\t\t\t\t<span class=\"uagb-icon-active uagb-faq-icon-wrap\">\n\t\t\t\t\t\t\t\t<svg xmlns=\"https:\/\/www.w3.org\/2000\/svg\" viewbox= \"0 0 448 512\"><path d=\"M400 288h-352c-17.69 0-32-14.32-32-32.01s14.31-31.99 32-31.99h352c17.69 0 32 14.3 32 31.99S417.7 288 400 288z\"><\/path><\/svg>\n\t\t\t\t\t\t\t<\/span>\n\t\t\t<span class=\"uagb-question\"><strong>Kann ich das Auto nachts zur\u00fcckgeben?<\/strong><\/span><\/div><div class=\"uagb-faq-content\"><p>Ja. Zwischen 22 und 8 Uhr f\u00e4llt jedoch eine zus\u00e4tzliche Geb\u00fchr von ISK 3,000 an.<\/p><\/div><\/div><div class=\"wp-block-uagb-faq-child uagb-faq-child__outer-wrap uagb-faq-item uagb-block-cf1d0f84\" role=\"tab\" tabindex=\"0\"><div class=\"uagb-faq-questions-button uagb-faq-questions\">\t\t\t<span class=\"uagb-icon uagb-faq-icon-wrap\">\n\t\t\t\t\t\t\t\t<svg xmlns=\"https:\/\/www.w3.org\/2000\/svg\" viewbox= \"0 0 448 512\"><path d=\"M432 256c0 17.69-14.33 32.01-32 32.01H256v144c0 17.69-14.33 31.99-32 31.99s-32-14.3-32-31.99v-144H48c-17.67 0-32-14.32-32-32.01s14.33-31.99 32-31.99H192v-144c0-17.69 14.33-32.01 32-32.01s32 14.32 32 32.01v144h144C417.7 224 432 238.3 432 256z\"><\/path><\/svg>\n\t\t\t\t\t\t\t<\/span>\n\t\t\t\t\t\t<span class=\"uagb-icon-active uagb-faq-icon-wrap\">\n\t\t\t\t\t\t\t\t<svg xmlns=\"https:\/\/www.w3.org\/2000\/svg\" viewbox= \"0 0 448 512\"><path d=\"M400 288h-352c-17.69 0-32-14.32-32-32.01s14.31-31.99 32-31.99h352c17.69 0 32 14.3 32 31.99S417.7 288 400 288z\"><\/path><\/svg>\n\t\t\t\t\t\t\t<\/span>\n\t\t\t<span class=\"uagb-question\"><strong>Wie alt muss ich sein um ein Auto mieten zu k\u00f6nnen?<\/strong><\/span><\/div><div class=\"uagb-faq-content\"><p>Mindestens 18 Jahre.<\/p><\/div><\/div><div class=\"wp-block-uagb-faq-child uagb-faq-child__outer-wrap uagb-faq-item uagb-block-6192a0dc\" role=\"tab\" tabindex=\"0\"><div class=\"uagb-faq-questions-button uagb-faq-questions\">\t\t\t<span class=\"uagb-icon uagb-faq-icon-wrap\">\n\t\t\t\t\t\t\t\t<svg xmlns=\"https:\/\/www.w3.org\/2000\/svg\" viewbox= \"0 0 448 512\"><path d=\"M432 256c0 17.69-14.33 32.01-32 32.01H256v144c0 17.69-14.33 31.99-32 31.99s-32-14.3-32-31.99v-144H48c-17.67 0-32-14.32-32-32.01s14.33-31.99 32-31.99H192v-144c0-17.69 14.33-32.01 32-32.01s32 14.32 32 32.01v144h144C417.7 224 432 238.3 432 256z\"><\/path><\/svg>\n\t\t\t\t\t\t\t<\/span>\n\t\t\t\t\t\t<span class=\"uagb-icon-active uagb-faq-icon-wrap\">\n\t\t\t\t\t\t\t\t<svg xmlns=\"https:\/\/www.w3.org\/2000\/svg\" viewbox= \"0 0 448 512\"><path d=\"M400 288h-352c-17.69 0-32-14.32-32-32.01s14.31-31.99 32-31.99h352c17.69 0 32 14.3 32 31.99S417.7 288 400 288z\"><\/path><\/svg>\n\t\t\t\t\t\t\t<\/span>\n\t\t\t<span class=\"uagb-question\"><strong>Wie ist die Tankregel?<\/strong><\/span><\/div><div class=\"uagb-faq-content\"><p>Unsere Tankregel ist like-for-like. R\u00fcckgabe also mit der gleichen Kraftstoffmenge wie zu Beginn der Mietzeit.<\/p><\/div><\/div><\/p><\/div><p><!-- \/wp:uagb\/faq --><\/p>\t\t\t\t\t\t\t\t<\/div>\n\t\t\t\t<\/div>\n\t\t\t\t\t<\/div>\n\t\t\t\t<\/div>\n\t\t\t\t<\/div>",
        "protected": false
    },
    "excerpt": {
        "rendered": "",
        "protected": false
    },
    "author": 227937429,
    "featured_media": 3887,
    "parent": 0,
    "menu_order": 0,
    "comment_status": "closed",
    "ping_status": "closed",
    "template": "elementor_header_footer",
    "meta": {
        "_seopress_titles_title": "FAQs zur Automietung in Island: Mindestmietdauer, Versicherung, Offroad-Fahren, Einwegmiete und mehr.",
        "_seopress_titles_desc": "Erfahren Sie alles \u00fcber Mindestmietdauer, Versicherung, Offroad-Fahren, Einwegmiete und weitere wichtige Informationen zur Automietung in Island.",
        "_seopress_robots_index": "",
        "_seopress_robots_follow": "",
        "_seopress_robots_imageindex": "",
        "_seopress_robots_snippet": "",
        "_seopress_robots_primary_cat": "",
        "_seopress_robots_breadcrumbs": "",
        "_seopress_robots_freeze_modified_date": "",
        "_seopress_robots_custom_modified_date": "",
        "_seopress_robots_canonical": "",
        "_seopress_social_fb_title": "FAQs zur Automietung in Island: Mindestmietdauer, Versicherung, Offroad-Fahren, Einwegmiete und mehr.",
        "_seopress_social_fb_desc": "Erfahren Sie alles \u00fcber Mindestmietdauer, Versicherung, Offroad-Fahren, Einwegmiete und weitere wichtige Informationen zur Automietung in Island.",
        "_seopress_social_fb_img": "https:\/\/icecaricelandrentals.com\/wp-content\/uploads\/2023\/08\/fb.png",
        "_seopress_social_fb_img_attachment_id": 3071,
        "_seopress_social_fb_img_width": 1371,
        "_seopress_social_fb_img_height": 718,
        "_seopress_social_twitter_title": "FAQs zur Automietung in Island: Mindestmietdauer, Versicherung, Offroad-Fahren, Einwegmiete und mehr.",
        "_seopress_social_twitter_desc": "Erfahren Sie alles \u00fcber Mindestmietdauer, Versicherung, Offroad-Fahren, Einwegmiete und weitere wichtige Informationen zur Automietung in Island.",
        "_seopress_social_twitter_img": "https:\/\/icecaricelandrentals.com\/wp-content\/uploads\/2023\/08\/twitter.png",
        "_seopress_social_twitter_img_attachment_id": 3070,
        "_seopress_social_twitter_img_width": 931,
        "_seopress_social_twitter_img_height": 931,
        "_seopress_redirections_value": "Autovermietung, Campingausr\u00fcstung Island",
        "_seopress_redirections_enabled": "",
        "_seopress_redirections_enabled_regex": "",
        "_seopress_redirections_logged_status": "both",
        "_seopress_redirections_param": "",
        "_seopress_redirections_type": 301,
        "_seopress_analysis_target_kw": "mindestmietdauer,versicherung,offroad fahren,zus\u00e4tzliche kosten,zus\u00e4tzlicher fahrer,sommerreifen,winterreifen,unfall,panne,pannenhilfe,allradantrieb,einwegmiete,einwegmiete auto,wetter,wetter island,strassenverh\u00e4ltnisse,reisepass,f\u00fchrerschein,autor\u00fcckgabe flughafen keflavik,auto r\u00fcckgabe",
        "_seopress_news_disabled": "",
        "_seopress_video_disabled": "",
        "_seopress_video": [],
        "_seopress_pro_schemas_manual": [],
        "_seopress_pro_rich_snippets_disable_all": "",
        "_seopress_pro_rich_snippets_disable": [],
        "_seopress_pro_schemas": [],
        "_uag_custom_page_level_css": "",
        "_wpcom_ai_launchpad_about_page": false,
        "_wpcom_ai_launchpad_gallery_page": false,
        "_wpcom_ai_launchpad_contact_page": false,
        "_wpcom_ai_launchpad_events_page": false,
        "_wpcom_ai_launchpad_video_page": false,
        "_wpcom_ai_launchpad_portfolio_piece": false,
        "footnotes": ""
    },
    "class_list": [
        "post-1300",
        "page",
        "type-page",
        "status-publish",
        "has-post-thumbnail",
        "hentry"
    ],
    "featured_image_src": "https:\/\/i0.wp.com\/icecaricelandrentals.com\/wp-content\/uploads\/2024\/05\/DSC_0084.jpg?fit=4928%2C3264&ssl=1",
    "uagb_featured_image_src": {
        "full": [
            "https:\/\/i0.wp.com\/icecaricelandrentals.com\/wp-content\/uploads\/2024\/05\/DSC_0084.jpg?fit=4928%2C3264&ssl=1",
            4928,
            3264,
            false
        ],
        "thumbnail": [
            "https:\/\/i0.wp.com\/icecaricelandrentals.com\/wp-content\/uploads\/2024\/05\/DSC_0084.jpg?resize=150%2C150&ssl=1",
            150,
            150,
            true
        ],
        "medium": [
            "https:\/\/i0.wp.com\/icecaricelandrentals.com\/wp-content\/uploads\/2024\/05\/DSC_0084.jpg?fit=300%2C199&ssl=1",
            300,
            199,
            true
        ],
        "medium_large": [
            "https:\/\/i0.wp.com\/icecaricelandrentals.com\/wp-content\/uploads\/2024\/05\/DSC_0084.jpg?fit=760%2C504&ssl=1",
            760,
            504,
            true
        ],
        "large": [
            "https:\/\/i0.wp.com\/icecaricelandrentals.com\/wp-content\/uploads\/2024\/05\/DSC_0084.jpg?fit=760%2C503&ssl=1",
            760,
            503,
            true
        ],
        "1536x1536": [
            "https:\/\/i0.wp.com\/icecaricelandrentals.com\/wp-content\/uploads\/2024\/05\/DSC_0084.jpg?fit=1536%2C1017&ssl=1",
            1536,
            1017,
            true
        ],
        "2048x2048": [
            "https:\/\/i0.wp.com\/icecaricelandrentals.com\/wp-content\/uploads\/2024\/05\/DSC_0084.jpg?fit=2048%2C1356&ssl=1",
            2048,
            1356,
            true
        ],
        "trp-custom-language-flag": [
            "https:\/\/i0.wp.com\/icecaricelandrentals.com\/wp-content\/uploads\/2024\/05\/DSC_0084.jpg?fit=18%2C12&ssl=1",
            18,
            12,
            true
        ],
        "newspack-article-block-landscape-large": [
            "https:\/\/i0.wp.com\/icecaricelandrentals.com\/wp-content\/uploads\/2024\/05\/DSC_0084.jpg?resize=1200%2C900&ssl=1",
            1200,
            900,
            true
        ],
        "newspack-article-block-portrait-large": [
            "https:\/\/i0.wp.com\/icecaricelandrentals.com\/wp-content\/uploads\/2024\/05\/DSC_0084.jpg?resize=900%2C1200&ssl=1",
            900,
            1200,
            true
        ],
        "newspack-article-block-square-large": [
            "https:\/\/i0.wp.com\/icecaricelandrentals.com\/wp-content\/uploads\/2024\/05\/DSC_0084.jpg?resize=1200%2C1200&ssl=1",
            1200,
            1200,
            true
        ],
        "newspack-article-block-landscape-medium": [
            "https:\/\/i0.wp.com\/icecaricelandrentals.com\/wp-content\/uploads\/2024\/05\/DSC_0084.jpg?resize=800%2C600&ssl=1",
            800,
            600,
            true
        ],
        "newspack-article-block-portrait-medium": [
            "https:\/\/i0.wp.com\/icecaricelandrentals.com\/wp-content\/uploads\/2024\/05\/DSC_0084.jpg?resize=600%2C800&ssl=1",
            600,
            800,
            true
        ],
        "newspack-article-block-square-medium": [
            "https:\/\/i0.wp.com\/icecaricelandrentals.com\/wp-content\/uploads\/2024\/05\/DSC_0084.jpg?resize=800%2C800&ssl=1",
            800,
            800,
            true
        ],
        "newspack-article-block-landscape-intermediate": [
            "https:\/\/i0.wp.com\/icecaricelandrentals.com\/wp-content\/uploads\/2024\/05\/DSC_0084.jpg?resize=600%2C450&ssl=1",
            600,
            450,
            true
        ],
        "newspack-article-block-portrait-intermediate": [
            "https:\/\/i0.wp.com\/icecaricelandrentals.com\/wp-content\/uploads\/2024\/05\/DSC_0084.jpg?resize=450%2C600&ssl=1",
            450,
            600,
            true
        ],
        "newspack-article-block-square-intermediate": [
            "https:\/\/i0.wp.com\/icecaricelandrentals.com\/wp-content\/uploads\/2024\/05\/DSC_0084.jpg?resize=600%2C600&ssl=1",
            600,
            600,
            true
        ],
        "newspack-article-block-landscape-small": [
            "https:\/\/i0.wp.com\/icecaricelandrentals.com\/wp-content\/uploads\/2024\/05\/DSC_0084.jpg?resize=400%2C300&ssl=1",
            400,
            300,
            true
        ],
        "newspack-article-block-portrait-small": [
            "https:\/\/i0.wp.com\/icecaricelandrentals.com\/wp-content\/uploads\/2024\/05\/DSC_0084.jpg?resize=300%2C400&ssl=1",
            300,
            400,
            true
        ],
        "newspack-article-block-square-small": [
            "https:\/\/i0.wp.com\/icecaricelandrentals.com\/wp-content\/uploads\/2024\/05\/DSC_0084.jpg?resize=400%2C400&ssl=1",
            400,
            400,
            true
        ],
        "newspack-article-block-landscape-tiny": [
            "https:\/\/i0.wp.com\/icecaricelandrentals.com\/wp-content\/uploads\/2024\/05\/DSC_0084.jpg?resize=200%2C150&ssl=1",
            200,
            150,
            true
        ],
        "newspack-article-block-portrait-tiny": [
            "https:\/\/i0.wp.com\/icecaricelandrentals.com\/wp-content\/uploads\/2024\/05\/DSC_0084.jpg?resize=150%2C200&ssl=1",
            150,
            200,
            true
        ],
        "newspack-article-block-square-tiny": [
            "https:\/\/i0.wp.com\/icecaricelandrentals.com\/wp-content\/uploads\/2024\/05\/DSC_0084.jpg?resize=200%2C200&ssl=1",
            200,
            200,
            true
        ],
        "newspack-article-block-uncropped": [
            "https:\/\/i0.wp.com\/icecaricelandrentals.com\/wp-content\/uploads\/2024\/05\/DSC_0084.jpg?fit=1200%2C795&ssl=1",
            1200,
            795,
            true
        ],
        "toujours-banner": [
            "https:\/\/i0.wp.com\/icecaricelandrentals.com\/wp-content\/uploads\/2024\/05\/DSC_0084.jpg?resize=1160%2C600&ssl=1",
            1160,
            600,
            true
        ],
        "toujours-featured": [
            "https:\/\/i0.wp.com\/icecaricelandrentals.com\/wp-content\/uploads\/2024\/05\/DSC_0084.jpg?fit=940%2C623&ssl=1",
            940,
            623,
            true
        ],
        "toujours-trio": [
            "https:\/\/i0.wp.com\/icecaricelandrentals.com\/wp-content\/uploads\/2024\/05\/DSC_0084.jpg?resize=680%2C383&ssl=1",
            680,
            383,
            true
        ],
        "toujours-site-logo": [
            "https:\/\/i0.wp.com\/icecaricelandrentals.com\/wp-content\/uploads\/2024\/05\/DSC_0084.jpg?fit=604%2C400&ssl=1",
            604,
            400,
            true
        ],
        "mailpoet_newsletter_max": [
            "https:\/\/i0.wp.com\/icecaricelandrentals.com\/wp-content\/uploads\/2024\/05\/DSC_0084.jpg?fit=1320%2C874&ssl=1",
            1320,
            874,
            true
        ]
    },
    "uagb_author_info": {
        "display_name": "icecariceland",
        "author_link": "https:\/\/icecaricelandrentals.com\/de\/author\/icecariceland\/"
    },
    "uagb_comment_info": 0,
    "uagb_excerpt": null,
    "jetpack_likes_enabled": false,
    "jetpack_sharing_enabled": true,
    "jetpack_shortlink": "https:\/\/wp.me\/PemdaK-kY",
    "jetpack-related-posts": [
        {
            "id": 6976,
            "url": "https:\/\/icecaricelandrentals.com\/de\/fahren-in-island\/",
            "url_meta": {
                "origin": 1300,
                "position": 0
            },
            "title": "Fahren in Island",
            "author": "icecariceland",
            "date": "Mai 27, 2025",
            "format": false,
            "excerpt": "Stra\u00dfenzustand & Wetter pr\u00fcfen: \u00dcberpr\u00fcfen Sie regelm\u00e4\u00dfig die Website der Isl\u00e4ndischen Stra\u00dfen - und K\u00fcstenverwaltung sowie den Wetterbericht \u2013 das sind die wichtigsten Ma\u00dfnahmen f\u00fcr Ihre Sicherheit w\u00e4hrend der Fahrt.Parkgeb\u00fchren: An vielen Sehensw\u00fcrdigkeiten und auf Stadtparkpl\u00e4tzen in Akureyri und Reykjav\u00edk f\u00e4llt eine Geb\u00fchr an. Die Bezahlung erfolgt in der Regel\u2026",
            "rel": "",
            "context": "\u00c4hnlicher Beitrag",
            "block_context": {
                "text": "\u00c4hnlicher Beitrag",
                "link": ""
            },
            "img": {
                "alt_text": "",
                "src": "",
                "width": 0,
                "height": 0
            },
            "classes": []
        },
        {
            "id": 643,
            "url": "https:\/\/icecaricelandrentals.com\/de\/abholung-rueckgabe\/",
            "url_meta": {
                "origin": 1300,
                "position": 1
            },
            "title": "Abholung &#038; R\u00fcckgabe",
            "author": "icecariceland",
            "date": "Dezember 5, 2022",
            "format": false,
            "excerpt": "AbholungFlughafenservice - Die Abholung und R\u00fcckgabe des Fahrzeugs am Flughafen Keflav\u00edk (KEF) sind im Mietpreis enthalten. F\u00fcr Abholungen oder R\u00fcckgaben zwischen 22:00 und 08:00 Uhr f\u00e4llt eine Geb\u00fchr von 20 EUR an.Treffpunkt - Folgen Sie den Schildern zu \"Departures\" und \"Meeting Point\". Der Meeting Point ist ein Sitzbereich mit einem\u2026",
            "rel": "",
            "context": "\u00c4hnlicher Beitrag",
            "block_context": {
                "text": "\u00c4hnlicher Beitrag",
                "link": ""
            },
            "img": {
                "alt_text": "",
                "src": "https:\/\/i0.wp.com\/icecaricelandrentals.com\/wp-content\/uploads\/2024\/05\/Untitled-design.jpg?fit=1080%2C1080&ssl=1&resize=350%2C200",
                "width": 350,
                "height": 200,
                "srcset": "https:\/\/i0.wp.com\/icecaricelandrentals.com\/wp-content\/uploads\/2024\/05\/Untitled-design.jpg?fit=1080%2C1080&ssl=1&resize=350%2C200 1x, https:\/\/i0.wp.com\/icecaricelandrentals.com\/wp-content\/uploads\/2024\/05\/Untitled-design.jpg?fit=1080%2C1080&ssl=1&resize=525%2C300 1.5x, https:\/\/i0.wp.com\/icecaricelandrentals.com\/wp-content\/uploads\/2024\/05\/Untitled-design.jpg?fit=1080%2C1080&ssl=1&resize=700%2C400 2x, https:\/\/i0.wp.com\/icecaricelandrentals.com\/wp-content\/uploads\/2024\/05\/Untitled-design.jpg?fit=1080%2C1080&ssl=1&resize=1050%2C600 3x"
            },
            "classes": []
        },
        {
            "id": 519,
            "url": "https:\/\/icecaricelandrentals.com\/de\/geschaftsbedingungen\/",
            "url_meta": {
                "origin": 1300,
                "position": 2
            },
            "title": "Gesch\u00e4ftsbedingungen",
            "author": "icecariceland",
            "date": "Dezember 1, 2022",
            "format": false,
            "excerpt": "1. Der Mietvertrag f\u00fcr das Fahrzeug wird zwischen Ice Car Iceland ehf. (ID: 580518-0360, USt-IdNr.: 131611, Lizenz: 297) (\u201eEigent\u00fcmer\u201c) und dem Kunden (\u201eMieter\u201c), gemeinsam \u201edie Parteien\u201c, abgeschlossen.Verwendungszweck2. Das Fahrzeug ist nur f\u00fcr den pers\u00f6nlichen Gebrauch auf ordnungsgem\u00e4\u00df gewarteten Stra\u00dfen und Parkpl\u00e4tzen bestimmt. Der Mieter muss \u00fcber die erforderliche Lizenz verf\u00fcgen\u2026",
            "rel": "",
            "context": "\u00c4hnlicher Beitrag",
            "block_context": {
                "text": "\u00c4hnlicher Beitrag",
                "link": ""
            },
            "img": {
                "alt_text": "",
                "src": "https:\/\/i0.wp.com\/icecaricelandrentals.com\/wp-content\/uploads\/2024\/05\/DSC03556-e1715598045605.jpg?fit=1200%2C1200&ssl=1&resize=350%2C200",
                "width": 350,
                "height": 200,
                "srcset": "https:\/\/i0.wp.com\/icecaricelandrentals.com\/wp-content\/uploads\/2024\/05\/DSC03556-e1715598045605.jpg?fit=1200%2C1200&ssl=1&resize=350%2C200 1x, https:\/\/i0.wp.com\/icecaricelandrentals.com\/wp-content\/uploads\/2024\/05\/DSC03556-e1715598045605.jpg?fit=1200%2C1200&ssl=1&resize=525%2C300 1.5x, https:\/\/i0.wp.com\/icecaricelandrentals.com\/wp-content\/uploads\/2024\/05\/DSC03556-e1715598045605.jpg?fit=1200%2C1200&ssl=1&resize=700%2C400 2x, https:\/\/i0.wp.com\/icecaricelandrentals.com\/wp-content\/uploads\/2024\/05\/DSC03556-e1715598045605.jpg?fit=1200%2C1200&ssl=1&resize=1050%2C600 3x"
            },
            "classes": []
        }
    ],
    "_links": {
        "self": [
            {
                "href": "https:\/\/icecaricelandrentals.com\/de\/wp-json\/wp\/v2\/pages\/1300",
                "targetHints": {
                    "allow": [
                        "GET"
                    ]
                }
            }
        ],
        "collection": [
            {
                "href": "https:\/\/icecaricelandrentals.com\/de\/wp-json\/wp\/v2\/pages"
            }
        ],
        "about": [
            {
                "href": "https:\/\/icecaricelandrentals.com\/de\/wp-json\/wp\/v2\/types\/page"
            }
        ],
        "author": [
            {
                "embeddable": true,
                "href": "https:\/\/icecaricelandrentals.com\/de\/wp-json\/wp\/v2\/users\/227937429"
            }
        ],
        "replies": [
            {
                "embeddable": true,
                "href": "https:\/\/icecaricelandrentals.com\/de\/wp-json\/wp\/v2\/comments?post=1300"
            }
        ],
        "version-history": [
            {
                "count": 65,
                "href": "https:\/\/icecaricelandrentals.com\/de\/wp-json\/wp\/v2\/pages\/1300\/revisions"
            }
        ],
        "predecessor-version": [
            {
                "id": 7350,
                "href": "https:\/\/icecaricelandrentals.com\/de\/wp-json\/wp\/v2\/pages\/1300\/revisions\/7350"
            }
        ],
        "wp:featuredmedia": [
            {
                "embeddable": true,
                "href": "https:\/\/icecaricelandrentals.com\/de\/wp-json\/wp\/v2\/media\/3887"
            }
        ],
        "wp:attachment": [
            {
                "href": "https:\/\/icecaricelandrentals.com\/de\/wp-json\/wp\/v2\/media?parent=1300"
            }
        ],
        "curies": [
            {
                "name": "wp",
                "href": "https:\/\/api.w.org\/{rel}",
                "templated": true
            }
        ]
    }
}